{"id":790,"date":"2021-11-15T16:29:18","date_gmt":"2021-11-15T15:29:18","guid":{"rendered":"https:\/\/banderasdelsur.com\/inicio\/inicio\/?p=790"},"modified":"2021-11-15T16:29:20","modified_gmt":"2021-11-15T15:29:20","slug":"personaliza-tu-mascarilla-en-banderas-del-sur","status":"publish","type":"post","link":"https:\/\/banderasdelsur.com\/inicio\/inicio\/personaliza-tu-mascarilla-en-banderas-del-sur\/","title":{"rendered":"Personaliza tu mascarilla en Banderas del Sur"},"content":{"rendered":"\n<p>Desde que el Covid-19 irrumpi\u00f3 en nuestras vidas, son muchas las medidas que hemos tenido que ir acatando por el bien de todos. Desde que se aprobara el uso de mascarillas higi\u00e9nicas, se han convertido en algo imprescindible a medio largo plazo, por lo menos hasta que salgamos de esta.<\/p>\n\n\n\n<p>Por eso, desde&nbsp;<strong>BANDERAS DEL SUR<\/strong>&nbsp;en C\u00e1diz, sabemos que se ha abierto un mundo nuevo respecto a este producto y la propuesta de personalizarlas ha ido cogiendo cada vez m\u00e1s fuerza y son muchos los adeptos que desean realizar una personalizaci\u00f3n de las mascarillas, como cualquier otro complemento de moda.<\/p>\n\n\n\n<p>Debes saber que las mascarillas higi\u00e9nicas estandarizadas deben ser homologadas y reutilizables o de un solo uso y su composici\u00f3n  puede tener diferentes formatos, uno de ellos es este que tiene que estar formada por:<\/p>\n\n\n\n<p>-Capa externa 100% poli\u00e9ster<\/p>\n\n\n\n<p>-Dos capas internas de tejido TNT<\/p>\n\n\n\n<p>-Bolsillo interno de TNT para poder introducir un filtro PM 2.5 o una capa de filtrante  de tipo Meltblown<\/p>\n\n\n\n<p>-Dos cintas el\u00e1sticas para colocarlas en las orejas.<\/p>\n\n\n\n<p>Pero otro formato legalmente admitido son las mascarillas compuestas por dos capas, una interior y otra exterior, ambas filtrantes homologados y certificados por un laboratorio admitido para tal fin. Este es el formato de nuestras mascarillas personalizadas, en las que usamos dos capas de tejido, una externa de poli\u00e9ster, la cual es estampado el motivo deseado por el m\u00e9todo de impresi\u00f3n textil por sublimaci\u00f3n y otra capa interior de algod\u00f3n org\u00e1nico, con objeto de minimizar cualquier posibilidad de alergia en la piel. Ambos tejidos est\u00e1n certificados para este uso con filtraciones equivalentes a FFP2, con una forma similar a las mascarillas FFP2, formato de pico fabricamos esta mascarilla que est\u00e1 certificada para uso higi\u00e9nico, v\u00e1lida para filtraci\u00f3n y protecci\u00f3n contra el COVID-19, reutilizable y lavable en varias decenas de ocasiones.<\/p>\n\n\n\n<p>Estas mascarillas protectoras higi\u00e9nicas que se pueden personalizar, permiten su uso a diario y tienen como finalidad, proteger contra la contaminaci\u00f3n, humo, polvo\u2026y sobre todo para evitar los contagios y la transmisi\u00f3n de los virus, especialmente en personas m\u00e1s vulnerables.<\/p>\n\n\n\n<p>En&nbsp;<strong>BANDERAS DEL SUR<\/strong>&nbsp;en C\u00e1diz, sabemos que nos ha costado acostumbrarnos, pero son c\u00f3modas de llevar y no deja ninguna se\u00f1al en la cara despu\u00e9s de retirarla.<\/p>\n\n\n\n<p>Las ventajas de las mascarillas higi\u00e9nicas son muchas, principalmente la protecci\u00f3n, tambi\u00e9n su durabilidad, que garantiza al menos 25 lavados a 60\u00b0C y la capacidad de personalizaci\u00f3n, que ah\u00ed es donde en&nbsp;<strong>BANDERAS DEL SUR<\/strong>&nbsp;en C\u00e1diz ponemos a disposici\u00f3n todas nuestras t\u00e9cnicas, para personalizarlas y que sean originales, solo as\u00ed evitaremos que se conviertan en un objeto soso y aburrido, ya que las vamos a tener que usar de forma continua en muchos casos.&nbsp;<\/p>\n\n\n\n<p>Las mascarillas protectoras de tela, son completamente personalizables en toda la parte exterior, teniendo m\u00faltiples posibilidades de caracterizaci\u00f3n. Desde una foto, un dibujo, un texto o incluso una imagen corporativa, aunque tambi\u00e9n las hay con dise\u00f1os predeterminados. Esto las hace muy recomendadas para promocionar empresas, para estampar el logo de tu negocio e incluso para identificar a tus trabajadores, adem\u00e1s de protegerlos.&nbsp;<\/p>\n\n\n\n<p>Hay una opci\u00f3n que en<strong>&nbsp;BANDERAS DEL SUR<\/strong>&nbsp;en C\u00e1diz nos gusta mucho y es personalizar estas mascarillas higi\u00e9nicas para los m\u00e1s peque\u00f1os de la casa. Sabemos que ha sido complicado hacer entender la situaci\u00f3n a los ni\u00f1os, pero personalizando la mascarilla con un dise\u00f1o divertido, con dibujos infantiles, con sus superh\u00e9roes favoritos o llevar toda la familia la misma mascarilla, se conseguir\u00e1 que llevarla no sea un drama y se convierta en algo divertido y a la vez, est\u00e9n protegidos, que es la finalidad.<\/p>\n\n\n\n<p>Si quieres personalizar tu mascarilla higi\u00e9nica de tela y poder reutilizarla durante toda su vida \u00fatil, no dudes en contactar con&nbsp;<strong>BANDERAS DEL SUR<\/strong>&nbsp;en C\u00e1diz y te asesoraremos<\/p>\n","protected":false},"excerpt":{"rendered":"<p>Desde que el Covid-19 irrumpi\u00f3 en nuestras vidas, son muchas las medidas que hemos tenido que ir acatando por el bien de todos. Desde que se aprobara el uso de mascarillas higi\u00e9nicas, se han convertido en algo imprescindible a medio largo plazo, por lo menos hasta que salgamos de esta. Por eso, desde&nbsp;BANDERAS DEL SUR&nbsp;en&#8230;<\/p>\n<div class=\"more-link-wrapper\"><a class=\"more-link\" href=\"https:\/\/banderasdelsur.com\/inicio\/inicio\/personaliza-tu-mascarilla-en-banderas-del-sur\/\"><span class=\"more-text\">Sigue leyendo<\/span><\/a><\/div>\n","protected":false},"author":2,"featured_media":408,"comment_status":"open","ping_status":"closed","sticky":false,"template":"","format":"standard","meta":{"_jetpack_memberships_contains_paid_content":false,"footnotes":""},"categories":[1],"tags":[],"class_list":["post-790","post","type-post","status-publish","format-standard","has-post-thumbnail","hentry","category-general"],"aioseo_notices":[],"jetpack_featured_media_url":"https:\/\/banderasdelsur.com\/wp-content\/uploads\/2020\/10\/MODELO-ETNICO-CARRUSEL-WEB-BANDERAS-1.jpg","jetpack_sharing_enabled":true,"_links":{"self":[{"href":"https:\/\/banderasdelsur.com\/inicio\/inicio\/wp-json\/wp\/v2\/posts\/790","targetHints":{"allow":["GET"]}}],"collection":[{"href":"https:\/\/banderasdelsur.com\/inicio\/inicio\/wp-json\/wp\/v2\/posts"}],"about":[{"href":"https:\/\/banderasdelsur.com\/inicio\/inicio\/wp-json\/wp\/v2\/types\/post"}],"author":[{"embeddable":true,"href":"https:\/\/banderasdelsur.com\/inicio\/inicio\/wp-json\/wp\/v2\/users\/2"}],"replies":[{"embeddable":true,"href":"https:\/\/banderasdelsur.com\/inicio\/inicio\/wp-json\/wp\/v2\/comments?post=790"}],"version-history":[{"count":3,"href":"https:\/\/banderasdelsur.com\/inicio\/inicio\/wp-json\/wp\/v2\/posts\/790\/revisions"}],"predecessor-version":[{"id":796,"href":"https:\/\/banderasdelsur.com\/inicio\/inicio\/wp-json\/wp\/v2\/posts\/790\/revisions\/796"}],"wp:featuredmedia":[{"embeddable":true,"href":"https:\/\/banderasdelsur.com\/inicio\/inicio\/wp-json\/wp\/v2\/media\/408"}],"wp:attachment":[{"href":"https:\/\/banderasdelsur.com\/inicio\/inicio\/wp-json\/wp\/v2\/media?parent=790"}],"wp:term":[{"taxonomy":"category","embeddable":true,"href":"https:\/\/banderasdelsur.com\/inicio\/inicio\/wp-json\/wp\/v2\/categories?post=790"},{"taxonomy":"post_tag","embeddable":true,"href":"https:\/\/banderasdelsur.com\/inicio\/inicio\/wp-json\/wp\/v2\/tags?post=790"}],"curies":[{"name":"wp","href":"https:\/\/api.w.org\/{rel}","templated":true}]}}